{"id":675,"date":"2016-03-21T22:41:20","date_gmt":"2016-03-21T21:41:20","guid":{"rendered":"http:\/\/frestelser.se\/?p=675"},"modified":"2016-03-21T22:41:20","modified_gmt":"2016-03-21T21:41:20","slug":"traning-vecka-11-om-vila-en-dag-utan-traningsvark-och-smarta-deluxe","status":"publish","type":"post","link":"https:\/\/triathlon.nu\/karl\/2016\/03\/21\/traning-vecka-11-om-vila-en-dag-utan-traningsvark-och-smarta-deluxe\/","title":{"rendered":"Tr\u00e4ning vecka 11 &#8211; om vila, en dag utan tr\u00e4ningsv\u00e4rk och sm\u00e4rta deluxe"},"content":{"rendered":"<figure id=\"attachment_677\" aria-describedby=\"caption-attachment-677\" style=\"width: 956px\" class=\"wp-caption aligncenter\"><a href=\"https:\/\/triathlon.nu\/karl\/wp-content\/uploads\/sites\/2\/2016\/03\/traning-w1611.png\"><img loading=\"lazy\" decoding=\"async\" class=\"size-full wp-image-677\" src=\"https:\/\/triathlon.nu\/karl\/wp-content\/uploads\/sites\/2\/2016\/03\/traning-w1611.png\" alt=\"Drygt 16 h trots kaos. N\u00f6jd med veckan \u00e4ven ifall det blev 3-4 h mindre \u00e4n t\u00e4nkt.\u00a0\" width=\"956\" height=\"178\" srcset=\"https:\/\/triathlon.nu\/karl\/wp-content\/uploads\/sites\/2\/2016\/03\/traning-w1611.png 956w, https:\/\/triathlon.nu\/karl\/wp-content\/uploads\/sites\/2\/2016\/03\/traning-w1611-300x56.png 300w, https:\/\/triathlon.nu\/karl\/wp-content\/uploads\/sites\/2\/2016\/03\/traning-w1611-768x143.png 768w\" sizes=\"auto, (max-width: 956px) 100vw, 956px\" \/><\/a><figcaption id=\"caption-attachment-677\" class=\"wp-caption-text\">Drygt 16 h trots kaos. N\u00f6jd med veckan \u00e4ven ifall det blev 3-4 h mindre \u00e4n planerat.<\/figcaption><\/figure>\n<p>Det \u00e4r m\u00e5ndag kv\u00e4ll och jag k\u00e4nner mig otroligt stark och pigg. I vanliga fall brukar jag vara helt f\u00f6rst\u00f6rd p\u00e5 m\u00e5ndag och halvv\u00e4gs in p\u00e5 tisdagen!<\/p>\n<p>Vecka 11 skulle g\u00e5 till historien som den tuffaste tr\u00e4ningsveckan alla tider. Riktigt s\u00e5 blev det inte. Efter att ha k\u00e4nt lite p\u00e5 kroppen i onsdags kv\u00e4ll avbr\u00f6t jag mitt l\u00f6ppass och p\u00e5 torsdag stod jag helt \u00f6ver tr\u00e4ningen. Jag var naturligtvis gristr\u00f6tt som vanligt\u00a0men det som fick mig att s\u00e4tta stopp var en konstig k\u00e4nsla i halsen. Tr\u00e4nar man p\u00e5 vid halsont \u00e4r risken st\u00f6rre att \u00e5ka\u00a0p\u00e5 <a href=\"http:\/\/www.1177.se\/Stockholm\/Fakta-och-rad\/Sjukdomar\/Hjartmuskelinflammation\/\">hj\u00e4rtmuskelinflammation<\/a> (myokardit). \u00a0Och det \u00e4r n\u00e5got att aktivt v\u00e4lja bort.<\/p>\n<p>Ut\u00f6ver det fick jag fruktansv\u00e4rt ont i l\u00e5rmusklerna (framsida och baksida, b\u00e5da benen) under s\u00f6ndagens t\u00e4nkta l\u00e5ngpass varp\u00e5 passet kortades med en dryg timma. Jag fick ont p\u00e5 ett liknande s\u00e4tt som under sista 10-12 km p\u00e5 Hong Kong marathon, fast v\u00e4rre. Jag hoppas att min kropp l\u00e4r sig n\u00e5got av detta och kommer tillbaks starkare. Video nedan visar lite hur det k\u00e4ndes. Efter\u00e5t la jag mig i bagaget p\u00e5 bilen med f\u00f6tterna h\u00f6gt, skrek lite f\u00f6r mig sj\u00e4lv och tvekade en bra stund innan jag \u00e5kte iv\u00e4g. Funderat lite p\u00e5 vad detta kan bero p\u00e5 och vad det \u00e4r. Det k\u00e4nns som knivar\u00a0i benen. I videon s\u00e4ger jag kramp, men det k\u00e4nns inte alls som kramp som jag f\u00e5tt i enstaka vad. Jag har ingen aning allts\u00e5. Har du?<\/p>\n<blockquote class=\"instagram-media\" style=\"background: #FFF;border: 0;border-radius: 3px;margin: 1px;max-width: 658px;padding: 0;width: calc(100% - 2px)\" data-instgrm-captioned=\"\" data-instgrm-version=\"6\">\n<div style=\"padding: 8px\">\n<div style=\"background: #F8F8F8;line-height: 0;margin-top: 40px;padding: 50.0% 0;text-align: center;width: 100%\"><\/div>\n<p style=\"margin: 8px 0 0 0;padding: 0 4px\"><a style=\"color: #000;font-family: Arial,sans-serif;font-size: 14px;font-style: normal;font-weight: normal;line-height: 17px;text-decoration: none\" href=\"https:\/\/www.instagram.com\/p\/BDLtjtzgZgs\/\" target=\"_blank\" rel=\"noopener\">Kramp? Ont oavsett. 3 x 8 km blev 2 x 8 km. F\u00f6rsta varvet lugnt, andra t\u00e4nkt tempo 4:37. Gick bra f\u00f6rsta 4-5&#8230; K\u00e4nde mig stark. Sen b\u00f6rjade det g\u00f6ra ont. &#8221;Sprang&#8221; hela v\u00e4gen in i m\u00e5l&#8230; #l\u00f6pning #running #sub930 #ironmantraining #triathlontraining #trilife #kalmarironman2016 #ironmankalmar2016 #triathlon #shutuplegs #kramp #svensktriathlon #swimbikerun #triathlon<\/a><\/p>\n<p style=\"color: #c9c8cd;font-family: Arial,sans-serif;font-size: 14px;line-height: 17px;margin-bottom: 0;margin-top: 8px;overflow: hidden;padding: 8px 0 7px;text-align: center\">Ett filmklipp publicerat av Karl Wackerberg (@karlcomse) Mar 20, 2016 kl. 10:20 PDT<\/p>\n<\/div>\n<\/blockquote>\n<p>Trots att jag str\u00f6k 2 hela\u00a0pass och avbr\u00f6t \/ f\u00f6r\u00e4ndrade 2 pass s\u00e5 \u00e4r jag v\u00e4ldigt n\u00f6jd med veckan!\u00a0Kan till\u00e4gga att jag i fredags inte k\u00e4nde av n\u00e5gon tr\u00e4ningsv\u00e4rk efter vila p\u00e5 torsdag.\u00a0<strong>Minns inte n\u00e4r jag inte hade tr\u00e4ningsv\u00e4rk sist<\/strong>.<\/p>\n<p><strong>N\u00e5gra h\u00f6jdpunkter fr\u00e5n veckan:<\/strong><\/p>\n<ul>\n<li>Simningen g\u00e5r stabilt fram\u00e5t. Hade ett individuellt pass med simtr\u00e4nare och det gav nya perspektiv och \u00f6vningar. Det kanske \u00e4r placebo, men det r\u00e4cker f\u00f6r mig.<\/li>\n<li>Att jag v\u00e5gat vila och bryta. Det \u00e4r inte direkt min melodi att inte h\u00e5lla mig till planen.<\/li>\n<li>Har sovit mycket i soffan, mitt p\u00e5 dagen, p\u00e5 tidig kv\u00e4ll osv. Klart bra \u00e5terh\u00e4mtningstrategi.<\/li>\n<\/ul>\n<p>Ska jag <strong>fundera kring orosmoln fram\u00f6ver<\/strong> s\u00e5 \u00e4r\u00a0det mycket p\u00e5 jobbet och att jag kommer hamna i en mellanperiod i tr\u00e4ningen. Precis nu n\u00e4r allt k\u00e4nns s\u00e5 himla bra ska jag ta ett steg tillbaks. 3,5 veckor paus fr\u00e5n riktigt strukturerad tr\u00e4ning och sen en vecka tr\u00e4ningsl\u00e4ger.<\/p>\n","protected":false},"excerpt":{"rendered":"<p>Det \u00e4r m\u00e5ndag kv\u00e4ll och jag k\u00e4nner mig otroligt stark och pigg. I vanliga fall brukar jag vara helt f\u00f6rst\u00f6rd p\u00e5 m\u00e5ndag och halvv\u00e4gs in p\u00e5 tisdagen! Vecka 11 skulle g\u00e5 till historien som den tuffaste tr\u00e4ningsveckan alla tider. Riktigt s\u00e5 blev det inte. Efter att ha k\u00e4nt lite p\u00e5 kroppen i onsdags kv\u00e4ll avbr\u00f6t [&hellip;]<\/p>\n","protected":false},"author":1,"featured_media":677,"comment_status":"open","ping_status":"open","sticky":false,"template":"","format":"standard","meta":{"footnotes":""},"categories":[9],"tags":[],"class_list":["post-675","post","type-post","status-publish","format-standard","has-post-thumbnail","hentry","category-traning"],"_links":{"self":[{"href":"https:\/\/triathlon.nu\/karl\/wp-json\/wp\/v2\/posts\/675","targetHints":{"allow":["GET"]}}],"collection":[{"href":"https:\/\/triathlon.nu\/karl\/wp-json\/wp\/v2\/posts"}],"about":[{"href":"https:\/\/triathlon.nu\/karl\/wp-json\/wp\/v2\/types\/post"}],"author":[{"embeddable":true,"href":"https:\/\/triathlon.nu\/karl\/wp-json\/wp\/v2\/users\/1"}],"replies":[{"embeddable":true,"href":"https:\/\/triathlon.nu\/karl\/wp-json\/wp\/v2\/comments?post=675"}],"version-history":[{"count":0,"href":"https:\/\/triathlon.nu\/karl\/wp-json\/wp\/v2\/posts\/675\/revisions"}],"wp:featuredmedia":[{"embeddable":true,"href":"https:\/\/triathlon.nu\/karl\/wp-json\/wp\/v2\/media\/677"}],"wp:attachment":[{"href":"https:\/\/triathlon.nu\/karl\/wp-json\/wp\/v2\/media?parent=675"}],"wp:term":[{"taxonomy":"category","embeddable":true,"href":"https:\/\/triathlon.nu\/karl\/wp-json\/wp\/v2\/categories?post=675"},{"taxonomy":"post_tag","embeddable":true,"href":"https:\/\/triathlon.nu\/karl\/wp-json\/wp\/v2\/tags?post=675"}],"curies":[{"name":"wp","href":"https:\/\/api.w.org\/{rel}","templated":true}]}}