{"id":661,"date":"2016-03-07T23:52:15","date_gmt":"2016-03-07T22:52:15","guid":{"rendered":"http:\/\/frestelser.se\/?p=661"},"modified":"2016-03-07T23:52:15","modified_gmt":"2016-03-07T22:52:15","slug":"traning-vecka-8-och-9-ingen-action-bra-70-h-pa-30-dagar","status":"publish","type":"post","link":"https:\/\/triathlon.nu\/karl\/2016\/03\/07\/traning-vecka-8-och-9-ingen-action-bra-70-h-pa-30-dagar\/","title":{"rendered":"Tr\u00e4ning vecka 8 och 9 &#8211; ingen action &#8211; bra? 70 h + p\u00e5 30 dagar!"},"content":{"rendered":"<figure id=\"attachment_663\" aria-describedby=\"caption-attachment-663\" style=\"width: 948px\" class=\"wp-caption aligncenter\"><a href=\"https:\/\/triathlon.nu\/karl\/wp-content\/uploads\/sites\/2\/2016\/03\/traning-w1608-09.png\"><img loading=\"lazy\" decoding=\"async\" class=\"size-full wp-image-663\" src=\"https:\/\/triathlon.nu\/karl\/wp-content\/uploads\/sites\/2\/2016\/03\/traning-w1608-09.png\" alt=\"Tv\u00e5 veckor till p\u00e5 banken!\" width=\"948\" height=\"184\" srcset=\"https:\/\/triathlon.nu\/karl\/wp-content\/uploads\/sites\/2\/2016\/03\/traning-w1608-09.png 948w, https:\/\/triathlon.nu\/karl\/wp-content\/uploads\/sites\/2\/2016\/03\/traning-w1608-09-300x58.png 300w, https:\/\/triathlon.nu\/karl\/wp-content\/uploads\/sites\/2\/2016\/03\/traning-w1608-09-768x149.png 768w\" sizes=\"auto, (max-width: 948px) 100vw, 948px\" \/><\/a><figcaption id=\"caption-attachment-663\" class=\"wp-caption-text\">Tv\u00e5 veckor till p\u00e5 banken! Ser fram emot att t\u00f6mma kontot i sommar!<\/figcaption><\/figure>\n<p>P\u00e5 tr\u00e4ningsfronten \u00e4r det inte mycket action, allt g\u00e5r ju i princip precis enligt plan. Och det \u00e4r ju helt fantastiskt. Sex veckor i rad nu med 12 tr\u00e4ningspass per vecka. Jag f\u00f6r ett index \u00f6ver de senaste 30 dagarnas tr\u00e4ningsm\u00e4ngd och i s\u00f6ndags trillade det f\u00f6r f\u00f6rsta g\u00e5ngen \u00f6ver 70 h. Ganska galet, om jag f\u00e5r s\u00e4ga det. Inget jag ens trodde var m\u00f6jligt innan den f\u00f6rsta september 2015.<\/p>\n<p>Ibland kan jag k\u00e4nna ett behov av tr\u00e4nare. Speciellt n\u00e4r jag funderar p\u00e5 om jag blir tillr\u00e4ckligt mycket b\u00e4ttre och om jag ska b\u00f6rja k\u00f6ra mer h\u00f6gintensivt. Min satsning handlar inte om h\u00e4lsa och n\u00e5gonstans beh\u00f6ver jag inse om jag beh\u00f6ver \u00f6ka insatsen. Jag vill ocks\u00e5 tro att en tr\u00e4nare kan ge r\u00e5d n\u00e4r det \u00e4r mycket runt omkring. Rena praktikaliteter f\u00f6r m\u00e4nniskor som k\u00e4nner att dem inte har en minut \u00f6ver (men naturligtvis har m\u00e4ngder).<\/p>\n<p><strong>H\u00f6jdpunkter<\/strong> fr\u00e5n de tv\u00e5 g\u00e5ngna veckorna:<\/p>\n<ul>\n<li>Jag har brutit barri\u00e4rer. Mykcet liv utanf\u00f6r tr\u00e4ningen har gjort att jag bytt pass mellan dagar och tr\u00e4nat sent p\u00e5 kv\u00e4llarna. Flexibilitet i tr\u00e4ningen \u00e4r\u00a0inte direkt min\u00a0styrka.<\/li>\n<li>Jag har njutit till 100 % under tv\u00e5 l\u00f6ppass. Sprang med n\u00e5gra kollegor under en lunch och n\u00e5gra familjemedlemmar en kv\u00e4ll. Sk\u00f6nt att ibland springa lugnt och k\u00e4nna sig riktigt stark.<\/li>\n<li>Jag rev av ett lunchpass med milen under 45 &#8211; trots &#8221;magknip&#8221; sista kvarten och &#8221;uppv\u00e4rmning&#8221;.<\/li>\n<li>Jag k\u00f6rde 200 m i slutet av en riktigt h\u00e5rd simserie snabbare \u00e4n 1:41 \/ 100 m. Exakt hur mycket snabbare vet jag inte (men inte mycket mer \u00e4n 1 sek). D\u00e4rtill helt \u00f6vertygad om att \u00f6vriga 4&#215;100, 4&#215;50, 3&#215;100 och 6&#215;25 gick under 1:40. P\u00e5 slutet k\u00e4nde jag mig tr\u00f6tt p\u00e5 ett helt nytt s\u00e4tt i simningen, p\u00e5 ett bra s\u00e4tt och \u00f6nskar jag kan f\u00e5 k\u00e4nna s\u00e5 fram\u00f6ver ocks\u00e5.<\/li>\n<li>Jag har k\u00f6rt mitt l\u00e4ngsta cykelpass hittills. 4:15 h. Och lyckades motivera mig att h\u00e5lla effekten under hela passet.<\/li>\n<\/ul>\n<p>Det klart st\u00f6rsta <strong>orosmolnet<\/strong> \u00e4r att jag\u00a0k\u00e4nner mig stressad. Min triathlet-s\u00f6mn (vilket \u00e4r min\u00a0prim\u00e4ra \u00e5terh\u00e4mtning) blir p\u00e5verkad och jag ser en \u00f6verh\u00e4ngande risk f\u00f6r sjukdom.<\/p>\n<p>Annars&#8230; tja, jag har filmat mig en hel del p\u00e5 cykeln och funderat p\u00e5 kn\u00e4- och h\u00f6ftr\u00f6relsen. Det ser inte helt perfekt ut men jag har \u00e4nnu ingen plan att \u00e5tg\u00e4rda.<\/p>\n<blockquote class=\"instagram-media\" data-instgrm-captioned data-instgrm-version=\"6\" style=\"background:#FFF;border:0;border-radius:3px;margin: 1px;max-width:658px;padding:0;width:99.375%;width:-webkit-calc(100% - 2px);width:calc(100% - 2px)\">\n<div style=\"padding:8px\">\n<div style=\"background:#F8F8F8;line-height:0;margin-top:40px;padding:50.0% 0;text-align:center;width:100%\">\n<div style=\"base64,iVBORw0KGgoAAAANSUhEUgAAACwAAAAsCAMAAAApWqozAAAAGFBMVEUiIiI9PT0eHh4gIB4hIBkcHBwcHBwcHBydr+JQAAAACHRSTlMABA4YHyQsM5jtaMwAAADfSURBVDjL7ZVBEgMhCAQBAf\/\/42xcNbpAqakcM0ftUmFAAIBE81IqBJdS3lS6zs3bIpB9WED3YYXFPmHRfT8sgyrCP1x8uEUxLMzNWElFOYCV6mHWWwMzdPEKHlhLw7NWJqkHc4uIZphavDzA2JPzUDsBZziNae2S6owH8xPmX8G7zzgKEOPUoYHvGz1TBCxMkd3kwNVbU0gKHkx+iZILf77IofhrY1nYFnB\/lQPb79drWOyJVa\/DAvg9B\/rLB4cC+Nqgdz\/TvBbBnr6GBReqn\/nRmDgaQEej7WhonozjF+Y2I\/fZou\/qAAAAAElFTkSuQmCC);height:44px;margin:0 auto -44px;position:relative;top:-22px;width:44px\"><\/div>\n<\/div>\n<p style=\"margin:8px 0 0 0;padding:0 4px\"> <a href=\"https:\/\/www.instagram.com\/p\/BCTFp2PAZnu\/\" style=\"color:#000;font-family:Arial,sans-serif;font-size:14px;font-style:normal;font-weight:normal;line-height:17px;text-decoration:none\" target=\"_blank\" rel=\"noopener\">1:30 h #cykling f\u00f6ljt av 0:34 h #l\u00f6pning. B\u00f6rjar fundera p\u00e5 om min h\u00f6ft r\u00f6r sig f\u00f6r mycket och om jag har ett hjulbent tramp? #ironmantraining #svensktriathlon #triathlontraining #sub930 #biking #running #swimbikerun #cycling #indoorcycling #trainerroad #tacxneo #tacx #turbotrainer #kalmarironman2016 #ironmankalmar2016<\/a><\/p>\n<p style=\"color:#c9c8cd;font-family:Arial,sans-serif;font-size:14px;line-height:17px;margin-bottom:0;margin-top:8px;overflow:hidden;padding:8px 0 7px;text-align:center\">Ett filmklipp publicerat av Karl Wackerberg (@karlcomse) Feb 27, 2016 kl. 9:34 PST<\/p>\n<\/div>\n<\/blockquote>\n","protected":false},"excerpt":{"rendered":"<p>P\u00e5 tr\u00e4ningsfronten \u00e4r det inte mycket action, allt g\u00e5r ju i princip precis enligt plan. Och det \u00e4r ju helt fantastiskt. Sex veckor i rad nu med 12 tr\u00e4ningspass per vecka. Jag f\u00f6r ett index \u00f6ver de senaste 30 dagarnas tr\u00e4ningsm\u00e4ngd och i s\u00f6ndags trillade det f\u00f6r f\u00f6rsta g\u00e5ngen \u00f6ver 70 h. Ganska galet, om [&hellip;]<\/p>\n","protected":false},"author":1,"featured_media":0,"comment_status":"open","ping_status":"open","sticky":false,"template":"","format":"standard","meta":{"footnotes":""},"categories":[9],"tags":[],"class_list":["post-661","post","type-post","status-publish","format-standard","hentry","category-traning"],"_links":{"self":[{"href":"https:\/\/triathlon.nu\/karl\/wp-json\/wp\/v2\/posts\/661","targetHints":{"allow":["GET"]}}],"collection":[{"href":"https:\/\/triathlon.nu\/karl\/wp-json\/wp\/v2\/posts"}],"about":[{"href":"https:\/\/triathlon.nu\/karl\/wp-json\/wp\/v2\/types\/post"}],"author":[{"embeddable":true,"href":"https:\/\/triathlon.nu\/karl\/wp-json\/wp\/v2\/users\/1"}],"replies":[{"embeddable":true,"href":"https:\/\/triathlon.nu\/karl\/wp-json\/wp\/v2\/comments?post=661"}],"version-history":[{"count":0,"href":"https:\/\/triathlon.nu\/karl\/wp-json\/wp\/v2\/posts\/661\/revisions"}],"wp:attachment":[{"href":"https:\/\/triathlon.nu\/karl\/wp-json\/wp\/v2\/media?parent=661"}],"wp:term":[{"taxonomy":"category","embeddable":true,"href":"https:\/\/triathlon.nu\/karl\/wp-json\/wp\/v2\/categories?post=661"},{"taxonomy":"post_tag","embeddable":true,"href":"https:\/\/triathlon.nu\/karl\/wp-json\/wp\/v2\/tags?post=661"}],"curies":[{"name":"wp","href":"https:\/\/api.w.org\/{rel}","templated":true}]}}